{"id":2064,"date":"2016-06-29T13:38:29","date_gmt":"2016-06-29T13:38:29","guid":{"rendered":"http:\/\/elg.is\/?p=2064"},"modified":"2019-05-01T22:24:18","modified_gmt":"2019-05-01T22:24:18","slug":"eydileggja-fagaeta-natturu-a-heimsvisu","status":"publish","type":"post","link":"https:\/\/elg.is\/?p=2064","title":{"rendered":"Ey\u00f0ileggja f\u00e1g\u00e6ta n\u00e1tt\u00faru \u00e1 heimsv\u00edsu"},"content":{"rendered":"<h4><em>HS Orka hefur fengi\u00f0 leyfi Grindav\u00edkurb\u00e6jar fyrir ranns\u00f3knarborunum vi\u00f0 g\u00edgar\u00f6\u00f0 Eldvarpa \u00e1 Reykjanesi. Skipulagsstofnun segir um a\u00f0 r\u00e6\u00f0a <\/em><em>umfangsmiki\u00f0, \u00f3afturkr\u00e6ft rask \u00e1 vel gr\u00f3num, \u00f3r\u00f6sku\u00f0um sv\u00e6\u00f0um, m.a. mosagr\u00f3num n\u00fat\u00edmahraunum sem hafa \u00e1kve\u00f0na s\u00e9rst\u00f6\u00f0u vegna f\u00e1g\u00e6tis \u00e1 heimsv\u00edsu.<\/em><\/h4>\n<p>Eldv\u00f6rp eru um 10km l\u00f6ng g\u00edgar\u00f6\u00f0 skammt vestan vi\u00f0 Bl\u00e1a l\u00f3ni\u00f0 og Svartsengi.\u00a0 G\u00edgar\u00f6\u00f0in mynda\u00f0ist \u00ed Reykjaneseldum \u00e1 13. \u00f6ld en \u00fe\u00e1 runnu Eldvarpahraun, Stampahraun yst \u00e1 Reykjanesi og Arnarseturshraun en \u00ed gegnum \u00fea\u00f0 liggur Grindav\u00edkurvegurinn. \u00deegar fari\u00f0 er um \u00feessi sv\u00e6\u00f0i \u00e1 ysta hluta Reykjanesskagans er ekki erfitt a\u00f0 \u00edmynda s\u00e9r hva\u00f0 gengi\u00f0 hefur \u00e1 \u00ed \u00feessum miklu jar\u00f0eldum. Hvergi \u00ed heiminum eru ummerki eldvirkninnar \u00e1 m\u00f3tum tveggja jar\u00f0skorpufleka jafn s\u00fdnileg \u00e1 \u00feurru landi. \u00a0Segja m\u00e1 a\u00f0 Eldv\u00f6rp s\u00e9u eins og sm\u00e6kku\u00f0 \u00fatg\u00e1fa af Lakag\u00edgum, fr\u00e6gustu g\u00edgar\u00f6\u00f0 landsins og eru \u00feau \u00e1 n\u00e1tt\u00faruminjaskr\u00e1.<\/p>\n<figure id=\"attachment_2066\" class=\"thumbnail wp-caption alignnone\" style=\"width: 1200px\"><a href=\"http:\/\/elg.is\/?attachment_id=2066\" rel=\"attachment wp-att-2066\"><img loading=\"lazy\" decoding=\"async\" class=\"size-full wp-image-2066\" src=\"http:\/\/elg.is\/wp-content\/uploads\/2016\/06\/eldvorp11.jpg\" alt=\"Eldv\u00f6rp: Horft yfir hluta af sunnanver\u00f0ri g\u00edgar\u00f6\u00f0inni ofan af einum g\u00edgnum.\" width=\"1200\" height=\"403\" srcset=\"https:\/\/elg.is\/wp-content\/uploads\/2016\/06\/eldvorp11.jpg 1200w, https:\/\/elg.is\/wp-content\/uploads\/2016\/06\/eldvorp11-300x101.jpg 300w, https:\/\/elg.is\/wp-content\/uploads\/2016\/06\/eldvorp11-768x258.jpg 768w, https:\/\/elg.is\/wp-content\/uploads\/2016\/06\/eldvorp11-1024x344.jpg 1024w\" sizes=\"(max-width: 1200px) 100vw, 1200px\" \/><\/a><figcaption class=\"caption wp-caption-text\"><strong><em>Eldv\u00f6rp: Horft yfir hluta af sunnanver\u00f0ri g\u00edgar\u00f6\u00f0inni ofan af einum g\u00edgnum.<\/em><\/strong><\/figcaption><\/figure>\n<h4><\/h4>\n<h4><strong>Umfangsmiki\u00f0, \u00f3afturkr\u00e6ft rask<\/strong><\/h4>\n<p>G\u00edgar\u00f6\u00f0in \u00f6ll er afar forvitnileg og raunar er Eldvarpasv\u00e6\u00f0i\u00f0 allt kynngimagna\u00f0 \u00fear sem saman fer \u00e1hugaver\u00f0 jar\u00f0fr\u00e6\u00f0i og forvitnileg saga. Umhverfis \u00feessar merkilegu jar\u00f0minjar liggja gamlar alfaralei\u00f0ir og vins\u00e6lar g\u00f6ngulei\u00f0ir eins og \u00c1rnast\u00edgur, Skipsst\u00edgur og Prestast\u00edgur.<\/p>\n<p>B\u00e6jaryfirv\u00f6ld \u00ed Grindav\u00edk hafa n\u00fdveri\u00f0 veitt HS Orku leyfi til ranns\u00f3knarborana \u00ed Eldv\u00f6rpum, \u00fer\u00e1tt fyrir ums\u00f6gn Skipulagsstofnunar um neikv\u00e6\u00f0 umhverfis\u00e1hrif af sl\u00edkum borunum. \u00cd deiliskipulagi er gert r\u00e1\u00f0 fyrir fimm risast\u00f3rum borteigum n\u00e1nast ofan \u00ed g\u00edgar\u00f6\u00f0inni en hver og einn \u00feeirra ver\u00f0ur \u00e1 bilinu\u00a0 4 \u2013 5 \u00fe\u00fasund fermetrar a\u00f0 st\u00e6r\u00f0.<\/p>\n<p>Skipulagsstofnun skila\u00f0i \u00e1liti um matssk\u00fdrsluna s\u00ed\u00f0astli\u00f0i\u00f0 haust og tekur \u00ed ums\u00f6gn sinni undir \u00feau sj\u00f3narmi\u00f0 a\u00f0 l\u00edtt raska\u00f0 sv\u00e6\u00f0i eins og Eldv\u00f6rp s\u00e9 afar mikilv\u00e6gt til \u00fativistar og fer\u00f0amennsku \u00ed n\u00e1grenni h\u00f6fu\u00f0borgarsv\u00e6\u00f0isins. Stofnunin segir \u00e1hrif fyrirhuga\u00f0ra framkv\u00e6mda <em>\u201etalsvert neikv\u00e6\u00f0\u201c<\/em> vegna rasks \u00e1 eldhrauni. Jafnframt ver\u00f0i \u00e1hrif \u00e1 gr\u00f3\u00f0ur talsver\u00f0 neikv\u00e6\u00f0 \u00fear sem um s\u00e9 a\u00f0 r\u00e6\u00f0a <em>\u201enokku\u00f0 umfangsmiki\u00f0, \u00f3afturkr\u00e6ft rask \u00e1 vel gr\u00f3num, \u00f3r\u00f6sku\u00f0um sv\u00e6\u00f0um, m.a. mosagr\u00f3num n\u00fat\u00edmahraunum sem hafa \u00e1kve\u00f0na s\u00e9rst\u00f6\u00f0u vegna f\u00e1g\u00e6tis \u00e1 heimsv\u00edsu\u201c<\/em>, segir \u00ed ums\u00f6gninni.<\/p>\n<figure id=\"attachment_2070\" class=\"thumbnail wp-caption alignnone\" style=\"width: 1200px\"><a href=\"http:\/\/elg.is\/?attachment_id=2070\" rel=\"attachment wp-att-2070\"><img loading=\"lazy\" decoding=\"async\" class=\"size-full wp-image-2070\" src=\"http:\/\/elg.is\/wp-content\/uploads\/2016\/06\/eldvorp-1.jpg\" alt=\"\u00cd Eldv\u00f6rpum er a\u00f0 finna kynngimagna\u00f0a n\u00e1tt\u00faru \u00fear sem jar\u00f0hitinn sveipar umhverfi\u00f0 dul\u00fa\u00f0.\" width=\"1200\" height=\"534\" srcset=\"https:\/\/elg.is\/wp-content\/uploads\/2016\/06\/eldvorp-1.jpg 1200w, https:\/\/elg.is\/wp-content\/uploads\/2016\/06\/eldvorp-1-300x134.jpg 300w, https:\/\/elg.is\/wp-content\/uploads\/2016\/06\/eldvorp-1-768x342.jpg 768w, https:\/\/elg.is\/wp-content\/uploads\/2016\/06\/eldvorp-1-1024x456.jpg 1024w\" sizes=\"(max-width: 1200px) 100vw, 1200px\" \/><\/a><figcaption class=\"caption wp-caption-text\"><em><strong>\u00cd Eldv\u00f6rpum er a\u00f0 finna kynngimagna\u00f0a n\u00e1tt\u00faru \u00fear sem jar\u00f0hitinn sveipar umhverfi\u00f0 dul\u00fa\u00f0.<\/strong><\/em><\/figcaption><\/figure>\n<h4><\/h4>\n<h4><em><strong>Segja eitt en gera anna\u00f0<\/strong><\/em><\/h4>\n<p>Jar\u00f0vangurinn Reykjanes Geopark var stofna\u00f0ur a\u00f0 frumkv\u00e6\u00f0i Grindav\u00edkurb\u00e6jar og HS Orku og er \u00e6tla\u00f0 a\u00f0 hafa <em>\u201efr\u00e6\u00f0slugildi vegna fj\u00f6lbreytilegrar n\u00e1tt\u00faru og sjaldg\u00e6fra jar\u00f0minja\u201c<\/em> svo vitna\u00f0 s\u00e9 beint \u00ed talsmann jar\u00f0vangsins. \u00cd n\u00fdlegu fj\u00f6lmi\u00f0lavi\u00f0tali talar b\u00e6jarstj\u00f3rinn \u00ed Grindav\u00edk einnig um <em>\u201euppbyggingu fer\u00f0a\u00fej\u00f3nustu og fr\u00e6\u00f0slu sem byggir \u00e1 einst\u00f6kum jar\u00f0minjum\u201c.<\/em> \u00deessar yfirl\u00fdsingar ver\u00f0a a\u00f0 teljast fur\u00f0ulegar \u00ed lj\u00f3si \u00feess a\u00f0 \u00e1 sama t\u00edma gaf Grindav\u00edkurb\u00e6r HS Orku leyfi til ranns\u00f3knaborana ofan \u00ed merkilegustu jar\u00f0minjum sv\u00e6\u00f0isins \u00fear sem g\u00edgar\u00f6\u00f0in \u00ed Eldv\u00f6rpum ver\u00f0ur \u201eskreytt\u201c me\u00f0 fimm risast\u00f3rum borteigum.<\/p>\n<p>\u00cd matssk\u00fdrslunni vegna framkv\u00e6mdanna kemur gl\u00f6gglega fram a\u00f0 tengsl eru \u00e1 milli hitasv\u00e6\u00f0anna \u00ed Eldv\u00f6rpum og Svartsengi. Allt bendir til \u00feess a\u00f0 um sama jar\u00f0hitageyminn s\u00e9 a\u00f0 r\u00e6\u00f0a. Orkuvinnsla \u00ed Eldv\u00f6rpum yr\u00f0i \u00fev\u00ed aldrei sj\u00e1lfb\u00e6r, ekki frekar en vinnslan \u00ed Svartsengi sem er keyr\u00f0 \u00e1 r\u00famlega 70% afk\u00f6stum til a\u00f0 h\u00e6gt s\u00e9 a\u00f0 halda henni \u00ed jafnv\u00e6gi. HS Orka vill semsagt ganga \u00far skugga um \u00feetta me\u00f0 tilraunaborunum. N\u00e1tt\u00faran f\u00e6r ekki a\u00f0 nj\u00f3ta vafans.<\/p>\n<p><em><strong>Myndagaller\u00ed:<\/strong><\/em><\/p>\n<div id=\"kad-wp-gallery100\" class=\"kad-wp-gallery kad-light-wp-gallery clearfix kt-gallery-column-5 rowtight\"><div class=\"tcol-lg-25 tcol-md-25 tcol-sm-3 tcol-xs-4 tcol-ss-6 g_item\"><div class=\"grid_item kad_gallery_fade_in gallery_item\"><a href=\"https:\/\/elg.is\/wp-content\/uploads\/2016\/06\/eldvorp-2bb.jpg\" data-rel=\"lightbox\" class=\"lightboxhover\"><img loading=\"lazy\" decoding=\"async\" src=\"https:\/\/elg.is\/wp-content\/uploads\/2016\/06\/eldvorp-2bb-300x300.jpg\" width=\"300\" height=\"300\" alt=\"G\u00e6gst ofan \u00ed einn g\u00edganna.  Mj\u00f6g \u00e1hugavert er a\u00f0 ganga me\u00f0fram g\u00edgar\u00f6\u00f0inni og sko\u00f0a undur hennar.\" srcset=\"https:\/\/elg.is\/wp-content\/uploads\/2016\/06\/eldvorp-2bb-300x300.jpg 300w, https:\/\/elg.is\/wp-content\/uploads\/2016\/06\/eldvorp-2bb-150x150.jpg 150w, https:\/\/elg.is\/wp-content\/uploads\/2016\/06\/eldvorp-2bb-600x600.jpg 600w\" sizes=\"(max-width: 300px) 100vw, 300px\" class=\"light-dropshaddow\"\/><\/a><\/div><\/div><div class=\"tcol-lg-25 tcol-md-25 tcol-sm-3 tcol-xs-4 tcol-ss-6 g_item\"><div class=\"grid_item kad_gallery_fade_in gallery_item\"><a href=\"https:\/\/elg.is\/wp-content\/uploads\/2016\/06\/eldvorp-3.jpg\" data-rel=\"lightbox\" class=\"lightboxhover\"><img loading=\"lazy\" decoding=\"async\" src=\"https:\/\/elg.is\/wp-content\/uploads\/2016\/06\/eldvorp-3-300x300.jpg\" width=\"300\" height=\"300\" alt=\"Einstakt n\u00e1tt\u00faruundur:  Nyrst \u00ed g\u00edgar\u00f6\u00f0inni er Tv\u00edg\u00edgahellir en \u00fear er h\u00e6gt a\u00f0 fara ne\u00f0anjar\u00f0ar  milli tveggja eldg\u00edga eftir gosr\u00e1s \u00e1 milli \u00feeirra. H\u00e9r er sta\u00f0i\u00f0 \u00ed \u00f6\u00f0rum g\u00edgnum og horft upp me\u00f0 gosr\u00e1sinni. Vel s\u00e9st ofan \u00ed sprunguna sem g\u00edgurinn stendur \u00e1 en gl\u00f3andi hrauni\u00f0 hefur greinilega runni\u00f0 til baka ni\u00f0ur \u00ed sprunguna \u00ed lok gossins og g\u00edgurinn t\u00e6mst. Ver\u00f0ur \u00fea\u00f0 a\u00f0 teljast einstakt a\u00f0 h\u00e6gt s\u00e9 a\u00f0 sko\u00f0a innvi\u00f0i eldg\u00edga me\u00f0 \u00feessum h\u00e6tti.\" srcset=\"https:\/\/elg.is\/wp-content\/uploads\/2016\/06\/eldvorp-3-300x300.jpg 300w, https:\/\/elg.is\/wp-content\/uploads\/2016\/06\/eldvorp-3-150x150.jpg 150w\" sizes=\"(max-width: 300px) 100vw, 300px\" class=\"light-dropshaddow\"\/><\/a><\/div><\/div><div class=\"tcol-lg-25 tcol-md-25 tcol-sm-3 tcol-xs-4 tcol-ss-6 g_item\"><div class=\"grid_item kad_gallery_fade_in gallery_item\"><a href=\"https:\/\/elg.is\/wp-content\/uploads\/2016\/06\/eldvorp-4.jpg\" data-rel=\"lightbox\" class=\"lightboxhover\"><img loading=\"lazy\" decoding=\"async\" src=\"https:\/\/elg.is\/wp-content\/uploads\/2016\/06\/eldvorp-4-300x300.jpg\" width=\"300\" height=\"300\" alt=\"G\u00edgveggirnir \u00ed Tv\u00edg\u00edgahelli er skreyttir f\u00f6grum sepamyndunum.\" srcset=\"https:\/\/elg.is\/wp-content\/uploads\/2016\/06\/eldvorp-4-300x300.jpg 300w, https:\/\/elg.is\/wp-content\/uploads\/2016\/06\/eldvorp-4-150x150.jpg 150w\" sizes=\"(max-width: 300px) 100vw, 300px\" class=\"light-dropshaddow\"\/><\/a><\/div><\/div><div class=\"tcol-lg-25 tcol-md-25 tcol-sm-3 tcol-xs-4 tcol-ss-6 g_item\"><div class=\"grid_item kad_gallery_fade_in gallery_item\"><a href=\"https:\/\/elg.is\/wp-content\/uploads\/2016\/06\/eldvorp-5.jpg\" data-rel=\"lightbox\" class=\"lightboxhover\"><img loading=\"lazy\" decoding=\"async\" src=\"https:\/\/elg.is\/wp-content\/uploads\/2016\/06\/eldvorp-5-300x300.jpg\" width=\"300\" height=\"300\" alt=\"G\u00f6nguf\u00f3lk \u00ed \u00e1hrifar\u00edku samspili jar\u00f0gufu og s\u00f3larlj\u00f3ss. Eldvarpasv\u00e6\u00f0i\u00f0 er kj\u00f6ri\u00f0 til \u00fativistar og n\u00e1tt\u00farusko\u00f0unar enda skammt fr\u00e1 bygg\u00f0.\" srcset=\"https:\/\/elg.is\/wp-content\/uploads\/2016\/06\/eldvorp-5-300x300.jpg 300w, https:\/\/elg.is\/wp-content\/uploads\/2016\/06\/eldvorp-5-150x150.jpg 150w, https:\/\/elg.is\/wp-content\/uploads\/2016\/06\/eldvorp-5-600x600.jpg 600w, https:\/\/elg.is\/wp-content\/uploads\/2016\/06\/eldvorp-5-365x365.jpg 365w\" sizes=\"(max-width: 300px) 100vw, 300px\" class=\"light-dropshaddow\"\/><\/a><\/div><\/div><div class=\"tcol-lg-25 tcol-md-25 tcol-sm-3 tcol-xs-4 tcol-ss-6 g_item\"><div class=\"grid_item kad_gallery_fade_in gallery_item\"><a href=\"https:\/\/elg.is\/wp-content\/uploads\/2016\/06\/eldvorp-6.jpg\" data-rel=\"lightbox\" class=\"lightboxhover\"><img loading=\"lazy\" decoding=\"async\" src=\"https:\/\/elg.is\/wp-content\/uploads\/2016\/06\/eldvorp-6-300x300.jpg\" width=\"300\" height=\"300\" alt=\"G\u00f6ngugarpur \u00ed kynngimagna\u00f0ri n\u00e1tt\u00faru Eldvarpa.\" srcset=\"https:\/\/elg.is\/wp-content\/uploads\/2016\/06\/eldvorp-6-300x300.jpg 300w, https:\/\/elg.is\/wp-content\/uploads\/2016\/06\/eldvorp-6-150x150.jpg 150w, https:\/\/elg.is\/wp-content\/uploads\/2016\/06\/eldvorp-6-600x600.jpg 600w\" sizes=\"(max-width: 300px) 100vw, 300px\" class=\"light-dropshaddow\"\/><\/a><\/div><\/div><div class=\"tcol-lg-25 tcol-md-25 tcol-sm-3 tcol-xs-4 tcol-ss-6 g_item\"><div class=\"grid_item kad_gallery_fade_in gallery_item\"><a href=\"https:\/\/elg.is\/wp-content\/uploads\/2016\/06\/eldvorp-7.jpg\" data-rel=\"lightbox\" class=\"lightboxhover\"><img loading=\"lazy\" decoding=\"async\" src=\"https:\/\/elg.is\/wp-content\/uploads\/2016\/06\/eldvorp-7-300x300.jpg\" width=\"300\" height=\"300\" alt=\"Skammt austan g\u00edgara\u00f0arinnar  \u00ed ja\u00f0ri Sundv\u00f6r\u00f0uhrauns eru \u00e1hugaver\u00f0ar fornminjar, svok\u00f6llu\u00f0 Tyrkjabyrgi. Um er a\u00f0 r\u00e6\u00f0a tug hla\u00f0inna byrgja sem fundust fyrir tilviljun \u00ed hrauninu undir lok 19. aldar. Ekki hafa fundist heimildir um tilur\u00f0 \u00feeirra en l\u00edfseigasta tilg\u00e1tan er s\u00fa a\u00f0 \u00feorpsb\u00faar \u00ed Grindav\u00edk hafi hla\u00f0i\u00f0 \u00feau og \u00e6tla\u00f0 a\u00f0 nota sem skj\u00f3l ef Tyrkir, sem reyndar voru fr\u00e1 Als\u00edr, ger\u00f0u vart vi\u00f0 sig. \u00deeir ger\u00f0u strandh\u00f6gg \u00ed Grindav\u00edk \u00e1ri\u00f0 1627 og f\u00f3ru \u00fear um r\u00e6nandi og ruplandi. H\u00f6f\u00f0u \u00feeir m.a. f\u00f3lk \u00e1 brott me\u00f0 s\u00e9r. \" srcset=\"https:\/\/elg.is\/wp-content\/uploads\/2016\/06\/eldvorp-7-300x300.jpg 300w, https:\/\/elg.is\/wp-content\/uploads\/2016\/06\/eldvorp-7-150x150.jpg 150w\" sizes=\"(max-width: 300px) 100vw, 300px\" class=\"light-dropshaddow\"\/><\/a><\/div><\/div><div class=\"tcol-lg-25 tcol-md-25 tcol-sm-3 tcol-xs-4 tcol-ss-6 g_item\"><div class=\"grid_item kad_gallery_fade_in gallery_item\"><a href=\"https:\/\/elg.is\/wp-content\/uploads\/2016\/06\/eldvorp8.jpg\" data-rel=\"lightbox\" class=\"lightboxhover\"><img loading=\"lazy\" decoding=\"async\" src=\"https:\/\/elg.is\/wp-content\/uploads\/2016\/06\/eldvorp8-300x300.jpg\" width=\"300\" height=\"300\" alt=\"\u00cd einum a\u00f0alg\u00edgnum fyrir mi\u00f0ri g\u00edgar\u00f6\u00f0inni r\u00fdkur \u00far eins og gosi s\u00e9 n\u00fdloki\u00f0. \u00dearna er magna\u00f0 a\u00f0 standa.\" srcset=\"https:\/\/elg.is\/wp-content\/uploads\/2016\/06\/eldvorp8-300x300.jpg 300w, https:\/\/elg.is\/wp-content\/uploads\/2016\/06\/eldvorp8-150x150.jpg 150w, https:\/\/elg.is\/wp-content\/uploads\/2016\/06\/eldvorp8-600x600.jpg 600w\" sizes=\"(max-width: 300px) 100vw, 300px\" class=\"light-dropshaddow\"\/><\/a><\/div><\/div><div class=\"tcol-lg-25 tcol-md-25 tcol-sm-3 tcol-xs-4 tcol-ss-6 g_item\"><div class=\"grid_item kad_gallery_fade_in gallery_item\"><a href=\"https:\/\/elg.is\/wp-content\/uploads\/2016\/06\/eldvorp10.jpg\" data-rel=\"lightbox\" class=\"lightboxhover\"><img loading=\"lazy\" decoding=\"async\" src=\"https:\/\/elg.is\/wp-content\/uploads\/2016\/06\/eldvorp10-300x300.jpg\" width=\"300\" height=\"300\" alt=\"G\u00e6gst ofan \u00ed hyldj\u00fapa sprungu. Eldvarpasv\u00e6\u00f0i\u00f0 tilheyrir sprungurein ysta eldst\u00f6\u00f0varkerfisins \u00e1 Reykjanesskaga. Ekki er \u00f3hugsandi a\u00f0 gl\u00f3andi kvika eigi eftir a\u00f0 \u00ferengja s\u00e9r upp um \u00feessa sprungu einhvern daginn. \" srcset=\"https:\/\/elg.is\/wp-content\/uploads\/2016\/06\/eldvorp10-300x300.jpg 300w, https:\/\/elg.is\/wp-content\/uploads\/2016\/06\/eldvorp10-150x150.jpg 150w\" sizes=\"(max-width: 300px) 100vw, 300px\" class=\"light-dropshaddow\"\/><\/a><\/div><\/div><div class=\"tcol-lg-25 tcol-md-25 tcol-sm-3 tcol-xs-4 tcol-ss-6 g_item\"><div class=\"grid_item kad_gallery_fade_in gallery_item\"><a href=\"https:\/\/elg.is\/wp-content\/uploads\/2016\/06\/DJI_0036.jpg\" data-rel=\"lightbox\" class=\"lightboxhover\"><img loading=\"lazy\" decoding=\"async\" src=\"https:\/\/elg.is\/wp-content\/uploads\/2016\/06\/DJI_0036-300x300.jpg\" width=\"300\" height=\"300\" alt=\"Horft eftir g\u00edgar\u00f6\u00f0inni fr\u00e1 sy\u00f0ri hluta hennar. \u00c1hugaver\u00f0ur g\u00edgur \u00ed forgrunni.\" srcset=\"https:\/\/elg.is\/wp-content\/uploads\/2016\/06\/DJI_0036-300x300.jpg 300w, https:\/\/elg.is\/wp-content\/uploads\/2016\/06\/DJI_0036-150x150.jpg 150w, https:\/\/elg.is\/wp-content\/uploads\/2016\/06\/DJI_0036-600x600.jpg 600w\" sizes=\"(max-width: 300px) 100vw, 300px\" class=\"light-dropshaddow\"\/><\/a><\/div><\/div><div class=\"tcol-lg-25 tcol-md-25 tcol-sm-3 tcol-xs-4 tcol-ss-6 g_item\"><div class=\"grid_item kad_gallery_fade_in gallery_item\"><a href=\"https:\/\/elg.is\/wp-content\/uploads\/2016\/06\/DJI_0051.jpg\" data-rel=\"lightbox\" class=\"lightboxhover\"><img loading=\"lazy\" decoding=\"async\" src=\"https:\/\/elg.is\/wp-content\/uploads\/2016\/06\/DJI_0051-300x300.jpg\" width=\"300\" height=\"300\" alt=\"G\u00edgur og hrauntr\u00f6\u00f0. Vinstri megin vi\u00f0 g\u00edgana m\u00e1 sj\u00e1 g\u00f6ngulei\u00f0, svokalla\u00f0an Reykjaveg. Gaman er a\u00f0 ganga me\u00f0fram g\u00edgar\u00f6\u00f0inni og sko\u00f0a undur hennar.\" srcset=\"https:\/\/elg.is\/wp-content\/uploads\/2016\/06\/DJI_0051-300x300.jpg 300w, https:\/\/elg.is\/wp-content\/uploads\/2016\/06\/DJI_0051-150x150.jpg 150w, https:\/\/elg.is\/wp-content\/uploads\/2016\/06\/DJI_0051-600x600.jpg 600w\" sizes=\"(max-width: 300px) 100vw, 300px\" class=\"light-dropshaddow\"\/><\/a><\/div><\/div><\/div>\n<div class=\"kad-youtube-shortcode videofit\"  ><iframe loading=\"lazy\" width=\"720\" height=\"400\" src=\"\/\/www.youtube.com\/embed\/M2FpfwxUf4M?autoplay=0&amp;controls=1&amp;fs=1&amp;modestbranding=0&amp;theme=dark&amp;rel=0&amp;loop=0\" frameborder=\"0\" allowfullscreen=\"true\"><\/iframe><\/div>\n<p>&#8211;<\/p>\n<div class=\"kad-youtube-shortcode videofit\"  ><iframe loading=\"lazy\" width=\"720\" height=\"400\" src=\"\/\/www.youtube.com\/embed\/ETN5uYT6Vz8?autoplay=0&amp;controls=1&amp;fs=1&amp;modestbranding=0&amp;theme=dark&amp;rel=0&amp;loop=0\" frameborder=\"0\" allowfullscreen=\"true\"><\/iframe><\/div>\n<a href=\"http:\/\/elg.is\/?p=2087\" class=\"btn button btn-shortcode kad-btn kad-btn-primary\" id=\"kadbtn400\" target=\"_self\" style=\"background-color:#999;color:#FFF;\"onMouseOver=\"this.style.background='#CDCDCD',this.style.color='#000'\" onMouseOut=\"this.style.background='#999', this.style.color='#FFF'\">Kr\u00fdsuv\u00edk<\/a> <a href=\"http:\/\/elg.is\/?p=2107\" class=\"btn button btn-shortcode kad-btn kad-btn-primary\" id=\"kadbtn99\" target=\"_self\" style=\"background-color:#999;color:#FFF;\"onMouseOver=\"this.style.background='#CDCDCD',this.style.color='#000'\" onMouseOut=\"this.style.background='#999', this.style.color='#FFF'\">Tr\u00f6lladyngja<\/a>\n","protected":false},"excerpt":{"rendered":"<p>HS Orka hefur fengi\u00f0 leyfi Grindav\u00edkurb\u00e6jar fyrir ranns\u00f3knarborunum vi\u00f0 g\u00edgar\u00f6\u00f0 Eldvarpa \u00e1 Reykjanesi. Skipulagsstofnun segir um a\u00f0 r\u00e6\u00f0a umfangsmiki\u00f0, \u00f3afturkr\u00e6ft rask \u00e1 vel gr\u00f3num, \u00f3r\u00f6sku\u00f0um sv\u00e6\u00f0um, m.a. mosagr\u00f3num n\u00fat\u00edmahraunum sem hafa \u00e1kve\u00f0na s\u00e9rst\u00f6\u00f0u vegna f\u00e1g\u00e6tis \u00e1 heimsv\u00edsu. Eldv\u00f6rp eru um &hellip; <a href=\"https:\/\/elg.is\/?p=2064\">Continued<\/a><\/p>\n","protected":false},"author":2,"featured_media":2074,"comment_status":"closed","ping_status":"closed","sticky":false,"template":"","format":"standard","meta":{"kt_blocks_editor_width":"","jetpack_post_was_ever_published":false,"_jetpack_newsletter_access":"","_jetpack_dont_email_post_to_subs":false,"_jetpack_newsletter_tier_id":0,"_jetpack_memberships_contains_paywalled_content":false,"_jetpack_memberships_contains_paid_content":false,"footnotes":"","jetpack_publicize_message":"","jetpack_publicize_feature_enabled":true,"jetpack_social_post_already_shared":false,"jetpack_social_options":{"image_generator_settings":{"template":"highway","enabled":false},"version":2}},"categories":[89],"tags":[91,93,92,90],"jetpack_publicize_connections":[],"jetpack_featured_media_url":"https:\/\/elg.is\/wp-content\/uploads\/2016\/06\/eldvorp-5.jpg","jetpack_sharing_enabled":true,"jetpack_shortlink":"https:\/\/wp.me\/p9GOIz-xi","jetpack_likes_enabled":true,"_links":{"self":[{"href":"https:\/\/elg.is\/index.php?rest_route=\/wp\/v2\/posts\/2064"}],"collection":[{"href":"https:\/\/elg.is\/index.php?rest_route=\/wp\/v2\/posts"}],"about":[{"href":"https:\/\/elg.is\/index.php?rest_route=\/wp\/v2\/types\/post"}],"author":[{"embeddable":true,"href":"https:\/\/elg.is\/index.php?rest_route=\/wp\/v2\/users\/2"}],"replies":[{"embeddable":true,"href":"https:\/\/elg.is\/index.php?rest_route=%2Fwp%2Fv2%2Fcomments&post=2064"}],"version-history":[{"count":15,"href":"https:\/\/elg.is\/index.php?rest_route=\/wp\/v2\/posts\/2064\/revisions"}],"predecessor-version":[{"id":2669,"href":"https:\/\/elg.is\/index.php?rest_route=\/wp\/v2\/posts\/2064\/revisions\/2669"}],"wp:featuredmedia":[{"embeddable":true,"href":"https:\/\/elg.is\/index.php?rest_route=\/wp\/v2\/media\/2074"}],"wp:attachment":[{"href":"https:\/\/elg.is\/index.php?rest_route=%2Fwp%2Fv2%2Fmedia&parent=2064"}],"wp:term":[{"taxonomy":"category","embeddable":true,"href":"https:\/\/elg.is\/index.php?rest_route=%2Fwp%2Fv2%2Fcategories&post=2064"},{"taxonomy":"post_tag","embeddable":true,"href":"https:\/\/elg.is\/index.php?rest_route=%2Fwp%2Fv2%2Ftags&post=2064"}],"curies":[{"name":"wp","href":"https:\/\/api.w.org\/{rel}","templated":true}]}}