{"id":2181,"date":"2016-10-09T14:36:24","date_gmt":"2016-10-09T14:36:24","guid":{"rendered":"http:\/\/elg.is\/?p=2181"},"modified":"2016-10-09T14:47:15","modified_gmt":"2016-10-09T14:47:15","slug":"reykjanesskagi-natturuperlur-i-haettu","status":"publish","type":"post","link":"https:\/\/elg.is\/?p=2181","title":{"rendered":"Reykjanesskagi &#8211; n\u00e1tt\u00faruperlur \u00ed h\u00e6ttu"},"content":{"rendered":"<div>Hvernig vilt \u00fe\u00fa sj\u00e1 Reykjanesskagann \u00ed framt\u00ed\u00f0inni?<\/div>\n<div><\/div>\n<div>\u00cd \u00feessu myndbandi breg\u00f0ur fyrir m\u00f6rgum af fallegustu n\u00e1tt\u00faruperlum Reykjanesskagans. \u00dev\u00ed mi\u00f0ur eru \u00fe\u00e6r flestar\u00a0 \u00ed h\u00e6ttu vegna virkjana\u00e1forma. Af 19 jar\u00f0hitasv\u00e6\u00f0um Reykjanesskagans hafa einungis \u00ferj\u00fa veri\u00f0 flokku\u00f0 \u00ed verndarflokk ramma\u00e1\u00e6tlunar. Einungis \u00ferj\u00fa.<\/div>\n<div><\/div>\n<div>Viltu sj\u00e1\u00a0Reykjanesskagann svona eins og \u00feetta myndband s\u00fdnir, e\u00f0a undirlaga\u00f0an af samfelldri r\u00f6\u00f0 virkjana fr\u00e1 Reykjanest\u00e1 a\u00f0 \u00deingvallavatni?<\/div>\n<div><\/div>\n<div>\n<p>Leiddu hugann a\u00f0 \u00fev\u00ed \u00feegar \u00fe\u00fa sko\u00f0ar myndbandi\u00f0. Ekki l\u00e1ta \u00fe\u00e9r standa \u00e1 sama.<\/p>\n<p>&#8212;&#8211;<\/p>\n<\/div>\n<div><\/div>\n<div class=\"kad-youtube-shortcode videofit\"  ><iframe loading=\"lazy\" width=\"600\" height=\"400\" src=\"\/\/www.youtube.com\/embed\/-w-6VaYeA_0?autoplay=0&amp;controls=1&amp;fs=1&amp;modestbranding=0&amp;theme=dark&amp;rel=0&amp;loop=0\" frameborder=\"0\" allowfullscreen=\"true\"><\/iframe><\/div>\n<p>&nbsp;<\/p>\n","protected":false},"excerpt":{"rendered":"<p>Hvernig vilt \u00fe\u00fa sj\u00e1 Reykjanesskagann \u00ed framt\u00ed\u00f0inni? \u00cd \u00feessu myndbandi breg\u00f0ur fyrir m\u00f6rgum af fallegustu n\u00e1tt\u00faruperlum Reykjanesskagans. \u00dev\u00ed mi\u00f0ur eru \u00fe\u00e6r flestar\u00a0 \u00ed h\u00e6ttu vegna virkjana\u00e1forma. Af 19 jar\u00f0hitasv\u00e6\u00f0um Reykjanesskagans hafa einungis \u00ferj\u00fa veri\u00f0 flokku\u00f0 \u00ed verndarflokk ramma\u00e1\u00e6tlunar. Einungis \u00ferj\u00fa. &hellip; <a href=\"https:\/\/elg.is\/?p=2181\">Continued<\/a><\/p>\n","protected":false},"author":2,"featured_media":2182,"comment_status":"closed","ping_status":"closed","sticky":false,"template":"","format":"standard","meta":{"kt_blocks_editor_width":"","jetpack_post_was_ever_published":false,"_jetpack_newsletter_access":"","_jetpack_dont_email_post_to_subs":false,"_jetpack_newsletter_tier_id":0,"_jetpack_memberships_contains_paywalled_content":false,"_jetpack_memberships_contains_paid_content":false,"footnotes":"","jetpack_publicize_message":"","jetpack_publicize_feature_enabled":true,"jetpack_social_post_already_shared":false,"jetpack_social_options":{"image_generator_settings":{"template":"highway","enabled":false},"version":2}},"categories":[89],"tags":[90],"jetpack_publicize_connections":[],"jetpack_featured_media_url":"https:\/\/elg.is\/wp-content\/uploads\/2016\/10\/DJI_0247-elg.jpg","jetpack_sharing_enabled":true,"jetpack_shortlink":"https:\/\/wp.me\/p9GOIz-zb","jetpack_likes_enabled":true,"_links":{"self":[{"href":"https:\/\/elg.is\/index.php?rest_route=\/wp\/v2\/posts\/2181"}],"collection":[{"href":"https:\/\/elg.is\/index.php?rest_route=\/wp\/v2\/posts"}],"about":[{"href":"https:\/\/elg.is\/index.php?rest_route=\/wp\/v2\/types\/post"}],"author":[{"embeddable":true,"href":"https:\/\/elg.is\/index.php?rest_route=\/wp\/v2\/users\/2"}],"replies":[{"embeddable":true,"href":"https:\/\/elg.is\/index.php?rest_route=%2Fwp%2Fv2%2Fcomments&post=2181"}],"version-history":[{"count":6,"href":"https:\/\/elg.is\/index.php?rest_route=\/wp\/v2\/posts\/2181\/revisions"}],"predecessor-version":[{"id":2189,"href":"https:\/\/elg.is\/index.php?rest_route=\/wp\/v2\/posts\/2181\/revisions\/2189"}],"wp:featuredmedia":[{"embeddable":true,"href":"https:\/\/elg.is\/index.php?rest_route=\/wp\/v2\/media\/2182"}],"wp:attachment":[{"href":"https:\/\/elg.is\/index.php?rest_route=%2Fwp%2Fv2%2Fmedia&parent=2181"}],"wp:term":[{"taxonomy":"category","embeddable":true,"href":"https:\/\/elg.is\/index.php?rest_route=%2Fwp%2Fv2%2Fcategories&post=2181"},{"taxonomy":"post_tag","embeddable":true,"href":"https:\/\/elg.is\/index.php?rest_route=%2Fwp%2Fv2%2Ftags&post=2181"}],"curies":[{"name":"wp","href":"https:\/\/api.w.org\/{rel}","templated":true}]}}