{"id":3506,"date":"2022-01-07T20:14:00","date_gmt":"2022-01-07T20:14:00","guid":{"rendered":"https:\/\/elg.is\/?p=3506"},"modified":"2022-01-10T18:05:05","modified_gmt":"2022-01-10T18:05:05","slug":"undraverold-hraunanna","status":"publish","type":"post","link":"https:\/\/elg.is\/?p=3506","title":{"rendered":"Undraver\u00f6ld hraunanna"},"content":{"rendered":"\n<figure class=\"wp-block-image size-full is-style-default\"><img loading=\"lazy\" decoding=\"async\" width=\"1190\" height=\"797\" src=\"https:\/\/elg.is\/wp-content\/uploads\/2020\/01\/14.jpg\" alt=\"\" class=\"wp-image-2990\" srcset=\"https:\/\/elg.is\/wp-content\/uploads\/2020\/01\/14.jpg 1190w, https:\/\/elg.is\/wp-content\/uploads\/2020\/01\/14-300x201.jpg 300w, https:\/\/elg.is\/wp-content\/uploads\/2020\/01\/14-1024x686.jpg 1024w, https:\/\/elg.is\/wp-content\/uploads\/2020\/01\/14-768x514.jpg 768w\" sizes=\"(max-width: 1190px) 100vw, 1190px\" \/><\/figure>\n\n\n\n<p>\u00deegar \u00feunnflj\u00f3tandi hraun rennur fr\u00e1 eldg\u00edg myndast gjarnan \u00ed \u00fev\u00ed farvegir, einskonar hraun\u00e1r. Yfirbor\u00f0 \u00feessara farvega storknar og hrauni\u00f0 fer \u00fe\u00e1 a\u00f0 renna \u00ed g\u00f6ngum ne\u00f0anjar\u00f0ar undir storkinni hraunhellunni. Kvikan getur runni\u00f0 langar lei\u00f0ir eftir \u00feessum g\u00f6ngum. Undir lok gossins, \u00feegar kvikan h\u00e6ttir a\u00f0 streyma fr\u00e1 eldst\u00f6\u00f0inni, t\u00e6mist stundum hraunr\u00e1sin ef h\u00fan hallar undan landi. Myndast \u00fe\u00e1 holr\u00fam e\u00f0a g\u00f6ng ef yfirbor\u00f0 r\u00e1sarinnar er n\u00f3gu sterkt. Ef ekki, hrynur \u00feak r\u00e1sarinnar ni\u00f0ur \u00ed hana og hrauntr\u00f6\u00f0 myndast sem opin r\u00e1s, einskonar skur\u00f0ur fr\u00e1 g\u00edgnum.&nbsp; Haldist hins vegar r\u00e1sin heil getur h\u00fan opnast vi\u00f0 hrun \u00e1 einum e\u00f0a fleiri st\u00f6\u00f0um (ni\u00f0urf\u00f6ll) \u00feannig a\u00f0 f\u00e6rt ver\u00f0ur inn \u00ed r\u00e1sina. \u00dea\u00f0 er \u00fe\u00f3 ekki gerlegt fyrr en jafnvel nokkrum \u00e1rum eftir gos \u00feegar hrauni\u00f0 hefur fullstorkna\u00f0 og losa\u00f0 \u00fat allan hita og gas. Ekki er loku fyrir \u00fea\u00f0 skoti\u00f0 a\u00f0 n\u00fdir og st\u00f3rbrotnir hraunr\u00e1sarhellar myndist \u00ed jar\u00f0eldunum sem n\u00fa standa yfir \u00ed Geldingad\u00f6lum en hrauni\u00f0 rennur n\u00fa a\u00f0 mestu ne\u00f0anjar\u00f0ar og hefur bunkast upp \u00ed allt a\u00f0 100 metra \u00fear sem \u00fea\u00f0 er \u00feykkast.<\/p>\n\n\n\n<div class=\"wp-block-image is-style-default\"><figure class=\"alignleft size-large\"><img loading=\"lazy\" decoding=\"async\" width=\"229\" height=\"480\" src=\"https:\/\/elg.is\/wp-content\/uploads\/2021\/04\/lava-tube.jpg\" alt=\"\" class=\"wp-image-3507\" srcset=\"https:\/\/elg.is\/wp-content\/uploads\/2021\/04\/lava-tube.jpg 229w, https:\/\/elg.is\/wp-content\/uploads\/2021\/04\/lava-tube-143x300.jpg 143w\" sizes=\"(max-width: 229px) 100vw, 229px\" \/><\/figure><\/div>\n\n\n\n<p>M\u00f6rgum stendur stuggur af hraunhellunum. &nbsp;Vi\u00f0 erum alin upp vi\u00f0 s\u00f6gur af alls kyns ill\u00fe\u00fd\u00f0i sem \u00e1 s\u00e9r b\u00f3lfestu \u00ed hellunum, \u00fear b\u00faa Gr\u00fdla, tr\u00f6ll e\u00f0a \u00f3vinveittir \u00fatilegumenn.&nbsp; Kvikmyndasagan segir okkur a\u00f0 hellar s\u00e9u ekki g\u00f3\u00f0ir sta\u00f0ir, \u00fear b\u00fai alls kyns \u00f3v\u00e6ttir og h\u00e6tti ma\u00f0ur s\u00e9r inn \u00ed helli er l\u00edklegt a\u00f0 ma\u00f0ur hafi rata\u00f0 \u00ed veruleg vandr\u00e6\u00f0i. Af \u00feeim s\u00f6kum eru hellar \u00ed hugum margra dimmir, kaldir og fr\u00e1hrindandi sta\u00f0ir.<\/p>\n\n\n\n<p>\u00cdslensku hraunfl\u00e1karnir b\u00faa hins vegar yfir undursamlegum leyndard\u00f3mum sem finna m\u00e1 \u00ed hraunr\u00e1sarhellunum, undurfagra ver\u00f6ld fulla af dj\u00e1snum sem hraunelfan skapa\u00f0i er h\u00fan rann gl\u00f3andi um g\u00f6ngin undir ni\u00f0ri. \u00dear er miki\u00f0 fj\u00f6lbreytni \u00ed alls kyns myndunum sem vekja a\u00f0d\u00e1un og undrun.<\/p>\n\n\n\n<p>\u00cd hraunhellum er einhver vi\u00f0kv\u00e6masta n\u00e1tt\u00fara sem fyrirfinnst og eitt \u00f3varlegt skref getur au\u00f0veldlega ey\u00f0ilagt m\u00f6rg \u00fe\u00fasund \u00e1ra dj\u00e1sn sem er \u00fe\u00e1 a\u00f0 eil\u00edfu glata\u00f0. \u00deessa n\u00e1tt\u00faru ber \u00fev\u00ed skilyr\u00f0istlaust a\u00f0 umgangast af mikilli n\u00e6rg\u00e6ti og vir\u00f0ingu. \u00dev\u00ed mi\u00f0ur er \u00fea\u00f0 svo a\u00f0 umgengni \u00ed hraunhellum \u00cdslands hefur v\u00ed\u00f0ast hvar alls ekki veri\u00f0 til fyrirmyndar.<\/p>\n\n\n\n<p><em>Byggt \u00e1 texta \u00far lj\u00f3smyndab\u00f3kinni <strong>Reykjanesskagi \u2013 N\u00e1tt\u00fara og undur<\/strong> sem kom \u00fat 2018.<\/em><\/p>\n\n\n\n<p><em>Uppf\u00e6rt 21.6.2021<\/em>.<br \/><em>Upphaflega birt 5.apr\u00edl 2021.<\/em><\/p>\n\n\n\n<figure class=\"wp-block-image size-full is-style-default\"><img loading=\"lazy\" decoding=\"async\" width=\"1080\" height=\"720\" src=\"https:\/\/elg.is\/wp-content\/uploads\/2014\/03\/MG_0167.jpg\" alt=\"\" class=\"wp-image-2375\" srcset=\"https:\/\/elg.is\/wp-content\/uploads\/2014\/03\/MG_0167.jpg 1080w, https:\/\/elg.is\/wp-content\/uploads\/2014\/03\/MG_0167-300x200.jpg 300w, https:\/\/elg.is\/wp-content\/uploads\/2014\/03\/MG_0167-768x512.jpg 768w, https:\/\/elg.is\/wp-content\/uploads\/2014\/03\/MG_0167-1024x683.jpg 1024w\" sizes=\"(max-width: 1080px) 100vw, 1080px\" \/><\/figure>\n\n\n\n<p><strong>A\u00f0 ofan:<\/strong> \u00deegar hraun storknar til fulls, 2-3 \u00e1rum eftir gos og hersla ver\u00f0ur \u00ed berginu kreistist \u00fat \u00far \u00fev\u00ed \u00feunn hraunbr\u00e1\u00f0 sem dropar ni\u00f0ur \u00far loftinu. Vi\u00f0 \u00fea\u00f0 hla\u00f0ast upp dropsteinar \u00e1 g\u00f3lfi \u00fev\u00ed dropinn storknar flj\u00f3tt eftir a\u00f0 hann lendir. Ofan vi\u00f0 dropsteina m\u00e1 yfirleitt finna hraunstr\u00e1 \u00ed loftinu. \u00deessi fyrirb\u00e6ri eru mj\u00f6g vi\u00f0kv\u00e6m og brotna vi\u00f0 minnstu snertingu. \u00dev\u00ed ber a\u00f0 umgagast sl\u00edk dj\u00e1sn mj\u00f6g varlega og af vir\u00f0ingu.<\/p>\n\n\n\n<figure class=\"wp-block-image size-full is-style-default\"><img loading=\"lazy\" decoding=\"async\" width=\"1280\" height=\"861\" src=\"https:\/\/elg.is\/wp-content\/uploads\/2014\/03\/1-1.jpg\" alt=\"\" class=\"wp-image-2359\" srcset=\"https:\/\/elg.is\/wp-content\/uploads\/2014\/03\/1-1.jpg 1280w, https:\/\/elg.is\/wp-content\/uploads\/2014\/03\/1-1-300x202.jpg 300w, https:\/\/elg.is\/wp-content\/uploads\/2014\/03\/1-1-768x517.jpg 768w, https:\/\/elg.is\/wp-content\/uploads\/2014\/03\/1-1-1024x689.jpg 1024w\" sizes=\"(max-width: 1280px) 100vw, 1280px\" \/><\/figure>\n\n\n\n<p>Mikil litad\u00fdr\u00f0 einkennir marga \u00edslenska hraunr\u00e1sarhella.<\/p>\n\n\n\n<figure class=\"wp-block-image size-full is-style-default\"><img loading=\"lazy\" decoding=\"async\" width=\"1020\" height=\"680\" src=\"https:\/\/elg.is\/wp-content\/uploads\/2014\/03\/MG_5302-1.jpg\" alt=\"\" class=\"wp-image-2040\" srcset=\"https:\/\/elg.is\/wp-content\/uploads\/2014\/03\/MG_5302-1.jpg 1020w, https:\/\/elg.is\/wp-content\/uploads\/2014\/03\/MG_5302-1-300x200.jpg 300w, https:\/\/elg.is\/wp-content\/uploads\/2014\/03\/MG_5302-1-768x512.jpg 768w\" sizes=\"(max-width: 1020px) 100vw, 1020px\" \/><\/figure>\n\n\n\n<figure class=\"wp-block-image size-full is-style-default\"><img loading=\"lazy\" decoding=\"async\" width=\"1020\" height=\"680\" src=\"https:\/\/elg.is\/wp-content\/uploads\/2014\/03\/MG_9783-1.jpg\" alt=\"\" class=\"wp-image-2019\" srcset=\"https:\/\/elg.is\/wp-content\/uploads\/2014\/03\/MG_9783-1.jpg 1020w, https:\/\/elg.is\/wp-content\/uploads\/2014\/03\/MG_9783-1-300x200.jpg 300w, https:\/\/elg.is\/wp-content\/uploads\/2014\/03\/MG_9783-1-768x512.jpg 768w\" sizes=\"(max-width: 1020px) 100vw, 1020px\" \/><\/figure>\n\n\n\n<figure class=\"wp-block-image size-full is-style-default\"><img loading=\"lazy\" decoding=\"async\" width=\"1080\" height=\"720\" src=\"https:\/\/elg.is\/wp-content\/uploads\/2014\/03\/MG_9363.jpg\" alt=\"\" class=\"wp-image-2299\" srcset=\"https:\/\/elg.is\/wp-content\/uploads\/2014\/03\/MG_9363.jpg 1080w, https:\/\/elg.is\/wp-content\/uploads\/2014\/03\/MG_9363-300x200.jpg 300w, https:\/\/elg.is\/wp-content\/uploads\/2014\/03\/MG_9363-768x512.jpg 768w, https:\/\/elg.is\/wp-content\/uploads\/2014\/03\/MG_9363-1024x683.jpg 1024w\" sizes=\"(max-width: 1080px) 100vw, 1080px\" \/><\/figure>\n\n\n\n<figure class=\"wp-block-image size-full is-style-default\"><img loading=\"lazy\" decoding=\"async\" width=\"1020\" height=\"680\" src=\"https:\/\/elg.is\/wp-content\/uploads\/2014\/03\/MG_1252-1.jpg\" alt=\"\" class=\"wp-image-1994\" srcset=\"https:\/\/elg.is\/wp-content\/uploads\/2014\/03\/MG_1252-1.jpg 1020w, https:\/\/elg.is\/wp-content\/uploads\/2014\/03\/MG_1252-1-300x200.jpg 300w, https:\/\/elg.is\/wp-content\/uploads\/2014\/03\/MG_1252-1-768x512.jpg 768w\" sizes=\"(max-width: 1020px) 100vw, 1020px\" \/><\/figure>\n","protected":false},"excerpt":{"rendered":"<p>\u00deegar \u00feunnflj\u00f3tandi hraun rennur fr\u00e1 eldg\u00edg myndast gjarnan \u00ed \u00fev\u00ed farvegir, einskonar hraun\u00e1r. Yfirbor\u00f0 \u00feessara farvega storknar og hrauni\u00f0 fer \u00fe\u00e1 a\u00f0 renna \u00ed g\u00f6ngum ne\u00f0anjar\u00f0ar undir storkinni hraunhellunni. Kvikan getur runni\u00f0 langar lei\u00f0ir eftir \u00feessum g\u00f6ngum. Undir lok gossins, &hellip; <a href=\"https:\/\/elg.is\/?p=3506\">Continued<\/a><\/p>\n","protected":false},"author":2,"featured_media":2990,"comment_status":"closed","ping_status":"closed","sticky":false,"template":"","format":"standard","meta":{"kt_blocks_editor_width":"","jetpack_post_was_ever_published":false,"_jetpack_newsletter_access":"","_jetpack_dont_email_post_to_subs":false,"_jetpack_newsletter_tier_id":0,"_jetpack_memberships_contains_paywalled_content":false,"_jetpack_memberships_contains_paid_content":false,"footnotes":"","jetpack_publicize_message":"","jetpack_publicize_feature_enabled":true,"jetpack_social_post_already_shared":true,"jetpack_social_options":{"image_generator_settings":{"template":"highway","enabled":false},"version":2}},"categories":[7],"tags":[209,210,83,211,212,90],"jetpack_publicize_connections":[],"jetpack_featured_media_url":"https:\/\/elg.is\/wp-content\/uploads\/2020\/01\/14.jpg","jetpack_sharing_enabled":true,"jetpack_shortlink":"https:\/\/wp.me\/p9GOIz-Uy","jetpack_likes_enabled":true,"_links":{"self":[{"href":"https:\/\/elg.is\/index.php?rest_route=\/wp\/v2\/posts\/3506"}],"collection":[{"href":"https:\/\/elg.is\/index.php?rest_route=\/wp\/v2\/posts"}],"about":[{"href":"https:\/\/elg.is\/index.php?rest_route=\/wp\/v2\/types\/post"}],"author":[{"embeddable":true,"href":"https:\/\/elg.is\/index.php?rest_route=\/wp\/v2\/users\/2"}],"replies":[{"embeddable":true,"href":"https:\/\/elg.is\/index.php?rest_route=%2Fwp%2Fv2%2Fcomments&post=3506"}],"version-history":[{"count":8,"href":"https:\/\/elg.is\/index.php?rest_route=\/wp\/v2\/posts\/3506\/revisions"}],"predecessor-version":[{"id":3903,"href":"https:\/\/elg.is\/index.php?rest_route=\/wp\/v2\/posts\/3506\/revisions\/3903"}],"wp:featuredmedia":[{"embeddable":true,"href":"https:\/\/elg.is\/index.php?rest_route=\/wp\/v2\/media\/2990"}],"wp:attachment":[{"href":"https:\/\/elg.is\/index.php?rest_route=%2Fwp%2Fv2%2Fmedia&parent=3506"}],"wp:term":[{"taxonomy":"category","embeddable":true,"href":"https:\/\/elg.is\/index.php?rest_route=%2Fwp%2Fv2%2Fcategories&post=3506"},{"taxonomy":"post_tag","embeddable":true,"href":"https:\/\/elg.is\/index.php?rest_route=%2Fwp%2Fv2%2Ftags&post=3506"}],"curies":[{"name":"wp","href":"https:\/\/api.w.org\/{rel}","templated":true}]}}