{"id":4206,"date":"2023-08-04T14:47:51","date_gmt":"2023-08-04T14:47:51","guid":{"rendered":"https:\/\/elg.is\/?p=4206"},"modified":"2023-08-07T15:43:02","modified_gmt":"2023-08-07T15:43:02","slug":"storbrotin-fjalladyrd-borgarfjardar-eystri","status":"publish","type":"post","link":"https:\/\/elg.is\/?p=4206","title":{"rendered":"Firnafalleg fjallad\u00fdr\u00f0 Borgarfjar\u00f0ar eystri"},"content":{"rendered":"\n<p><strong>\u00d3v\u00ed\u00f0a m\u00e1 sj\u00e1 jafn st\u00f3rfenglega fjallas\u00fdn og \u00e1 Borgarfir\u00f0i eystri, sem er umkringdur tignarlegum og litr\u00edkum l\u00edpar\u00edtfj\u00f6llum, sem l\u00e1ta engan \u00f3snortinn af \u00feeirri miklu n\u00e1tt\u00farufegur\u00f0 sem \u00fear blasir vi\u00f0. \u00deegar horft er \u00e1 \u00feessi fj\u00f6ll \u00far lofti m\u00e1 sj\u00e1 hversu m\u00f6gnu\u00f0 \u00feau n\u00e1tt\u00faru\u00f6fl hafa veri\u00f0 sem sk\u00f3pu \u00feessa st\u00f3rkostlegu fjallab\u00e1lka umhverfis Dyrfjalla- og Brei\u00f0uv\u00edkureldst\u00f6\u00f0varnar, sem eru tv\u00e6r af m\u00f6rgum fornum, \u00fatkulnu\u00f0um megineldst\u00f6\u00f0vum Austfjar\u00f0a.<\/strong> <\/p>\n\n\n\n<p>Tali\u00f0 er a\u00f0 hvergi \u00e1 \u00cdslandi s\u00e9 a\u00f0 finna ummerki jafnst\u00f3rra sprengigosa eins og \u00ed Borgarfir\u00f0i og Lo\u00f0mundarfir\u00f0i. Rof\u00f6flin hafa fari\u00f0 \u00f3bl\u00ed\u00f0um h\u00f6ndum um \u00feessi fj\u00f6ll sem m.a. m\u00e1 sj\u00e1 \u00e1 miklu framskri\u00f0i jar\u00f0vegs \u00far \u00feeim og einkenna landslagi\u00f0 \u00ed kringum \u00feau. \u00deessi fj\u00f6ll g\u00e6tu veri\u00f0 um 10-13 millj\u00f3n \u00e1ra g\u00f6mul. Helstu fj\u00f6llin eru Dyrfj\u00f6ll, Sta\u00f0arfjall, Geitfell og Svartfell. Fj\u00f6llin eru \u00far lj\u00f3su l\u00edpar\u00edti sunnan fjar\u00f0ar en Borgarfj\u00f6r\u00f0ur er \u00e1 m\u00f3tum l\u00edpar\u00edt- og bl\u00e1gr\u00fdtissv\u00e6\u00f0is og fyrir botni fjar\u00f0arins og \u00fe\u00f3 einkum nor\u00f0an hans er bl\u00e1gr\u00fdti mest \u00e1berandi. <\/p>\n\n\n\n<p>Eitt s\u00e9rkennilegasta fjalli\u00f0 \u00e1 \u00feessum sl\u00f3\u00f0um er Hv\u00edtserkur, sem einnig hefur fengi\u00f0 nafni\u00f0 R\u00f6nd\u00f3lfur, l\u00edklega vegna d\u00f6kkra berg\u00e6\u00f0a sem skera fjalli\u00f0 \u00fevers og kruss. Flikruberg ver\u00f0ur til \u00ed miklum sprengigosum og er ekki \u00f3algengt \u00e1 \u00cdslandi en einstakt er a\u00f0 finna heilt fjall mynda\u00f0 \u00far flikrubergi. Olgeir Sigmarsson, jar\u00f0fr\u00e6\u00f0ingur skrifa\u00f0i fr\u00f3\u00f0lega og greinarg\u00f3\u00f0a l\u00fdsinginu af myndunars\u00f6gu Hv\u00edtserks \u00ed Gletting, <strong><a href=\"https:\/\/www.borgarfjordureystri.is\/static\/files\/greinar_ur_glettingi\/Olgeir(1).pdf\">sem lesa m\u00e1 n\u00e1nar h\u00e9r.<\/a> <\/strong>Hann segir Hv\u00edtserk einstaklega vel var\u00f0veitt d\u00e6mi um vi\u00f0sn\u00fai\u00f0 landslag. \u00dear er \u00e1tt vi\u00f0 jar\u00f0l\u00f6g sem l\u00f6g\u00f0ust \u00ed l\u00e6g\u00f0ir \u00e1 myndunarstigi s\u00ednu en finnast n\u00fa h\u00e6rra \u00ed landslaginu en eldri jar\u00f0myndanir umhverfis \u00feau.<\/p>\n\n\n\n<p>Olgeir segir lj\u00f3st a\u00f0 miki\u00f0 hafi gengi\u00f0 \u00e1 \u00feegar fj\u00f6llin austur og su\u00f0ur af Borgarfir\u00f0i myndu\u00f0ust og talar um fr\u00e1vik \u00ed \u00edslenskri jar\u00f0fr\u00e6\u00f0i.<br \/>\u201e\u00d3venjumikil framlei\u00f0sla \u00e1 s\u00faru bergi vir\u00f0ist hafa \u00e1tt s\u00e9r sta\u00f0 \u00e1 allst\u00f3ru sv\u00e6\u00f0i og \u00e1 jar\u00f0fr\u00e6\u00f0ilega mj\u00f6g sk\u00f6mmum t\u00edma. \u00dea\u00f0 er full \u00e1st\u00e6\u00f0a til a\u00f0 reyna a\u00f0 skilja betur hverjar orsakirnar voru fyrir \u00feessu fr\u00e1viki \u00ed \u00edslenskri jar\u00f0fr\u00e6\u00f0i,&#8221; skrifar Olgeir.<\/p>\n\n\n\n<p>Me\u00f0fylgjandi lj\u00f3smyndir og myndskei\u00f0 t\u00f3k \u00e9g \u00e1 fer\u00f0 minni um sv\u00e6\u00f0i\u00f0 \u00ed j\u00fan\u00ed s\u00ed\u00f0astli\u00f0num. \u00deau eru allnokkur skiptin sem \u00e9g hef komi\u00f0 ni\u00f0ur \u00ed Borgarfj\u00f6r\u00f0 og alltaf er landslagi\u00f0 og fjallad\u00fdr\u00f0in jafn hr\u00edfandi.<br \/>Fyrir \u00fe\u00e1 lesendur sem vilja kynna s\u00e9r betur jar\u00f0fr\u00e6\u00f0i sv\u00e6\u00f0isins \u00fe\u00e1 <a href=\"https:\/\/www.borgarfjordureystri.is\/static\/files\/greinar_ur_glettingi\/Ludvik.pdf\"><strong>er h\u00e9r tengill \u00e1 \u00e1g\u00e6ta grein<\/strong><\/a> \u00far Glettingi eftir L\u00fa\u00f0v\u00edk Eckardt G\u00fastafsson, jar\u00f0fr\u00e6\u00f0ing.<\/p>\n\n\n\n<figure class=\"wp-block-image size-full\"><img loading=\"lazy\" decoding=\"async\" width=\"1350\" height=\"758\" src=\"https:\/\/elg.is\/wp-content\/uploads\/2023\/08\/DJI_0705.jpg\" alt=\"\" class=\"wp-image-4207\" srcset=\"https:\/\/elg.is\/wp-content\/uploads\/2023\/08\/DJI_0705.jpg 1350w, https:\/\/elg.is\/wp-content\/uploads\/2023\/08\/DJI_0705-300x168.jpg 300w, https:\/\/elg.is\/wp-content\/uploads\/2023\/08\/DJI_0705-1024x575.jpg 1024w, https:\/\/elg.is\/wp-content\/uploads\/2023\/08\/DJI_0705-768x431.jpg 768w\" sizes=\"(max-width: 1350px) 100vw, 1350px\" \/><\/figure>\n\n\n\n<p><em><strong>Fjalli\u00f0 Hv\u00edtserkur me\u00f0 Dyrfj\u00f6llin \u00ed fjarska. Hv\u00edtserkur er s\u00e9rkennilegt fjall a\u00f0 lit og l\u00f6gun, \u00far lj\u00f3su flikrubergi og skori\u00f0 \u00fevers og kruss af bl\u00e1gr\u00fdtisg\u00f6ngum.<\/strong><\/em><\/p>\n\n\n\n<figure class=\"wp-block-image size-full\"><img loading=\"lazy\" decoding=\"async\" width=\"1350\" height=\"758\" src=\"https:\/\/elg.is\/wp-content\/uploads\/2023\/08\/DJI_0816.jpg\" alt=\"\" class=\"wp-image-4208\" srcset=\"https:\/\/elg.is\/wp-content\/uploads\/2023\/08\/DJI_0816.jpg 1350w, https:\/\/elg.is\/wp-content\/uploads\/2023\/08\/DJI_0816-300x168.jpg 300w, https:\/\/elg.is\/wp-content\/uploads\/2023\/08\/DJI_0816-1024x575.jpg 1024w, https:\/\/elg.is\/wp-content\/uploads\/2023\/08\/DJI_0816-768x431.jpg 768w\" sizes=\"(max-width: 1350px) 100vw, 1350px\" \/><\/figure>\n\n\n\n<p><em><strong>Sta\u00f0arfjall \u00ed st\u00f3rbrotnu umhverfi litfagurra l\u00edpar\u00edtfjalla<\/strong><\/em>.<\/p>\n\n\n\n<figure class=\"wp-block-image size-full\"><img loading=\"lazy\" decoding=\"async\" width=\"1350\" height=\"758\" src=\"https:\/\/elg.is\/wp-content\/uploads\/2023\/08\/DJI_0857.jpg\" alt=\"\" class=\"wp-image-4209\" srcset=\"https:\/\/elg.is\/wp-content\/uploads\/2023\/08\/DJI_0857.jpg 1350w, https:\/\/elg.is\/wp-content\/uploads\/2023\/08\/DJI_0857-300x168.jpg 300w, https:\/\/elg.is\/wp-content\/uploads\/2023\/08\/DJI_0857-1024x575.jpg 1024w, https:\/\/elg.is\/wp-content\/uploads\/2023\/08\/DJI_0857-768x431.jpg 768w\" sizes=\"(max-width: 1350px) 100vw, 1350px\" \/><\/figure>\n\n\n\n<p><em><strong>Svartfell heitir fjalli\u00f0 fremst, lj\u00f3sa fjalli\u00f0 \u00fear fyrir aftan er S\u00falutindur og vinstra megin vi\u00f0 Svartfelli\u00f0 er Geitfell. H\u00e9r m\u00e1 gl\u00f6gglega sj\u00e1 hvernig landslagi\u00f0 hefur m\u00f3tast af miklu framskri\u00f0i jar\u00f0vegs \u00far fj\u00f6llunum, \u00ed Svartfelli stendur bergst\u00e1li\u00f0 eitt eftir. <\/strong><\/em><\/p>\n\n\n\n<figure class=\"wp-block-image size-full\"><img loading=\"lazy\" decoding=\"async\" width=\"1350\" height=\"758\" src=\"https:\/\/elg.is\/wp-content\/uploads\/2023\/08\/DJI_0878.jpg\" alt=\"\" class=\"wp-image-4210\" srcset=\"https:\/\/elg.is\/wp-content\/uploads\/2023\/08\/DJI_0878.jpg 1350w, https:\/\/elg.is\/wp-content\/uploads\/2023\/08\/DJI_0878-300x168.jpg 300w, https:\/\/elg.is\/wp-content\/uploads\/2023\/08\/DJI_0878-1024x575.jpg 1024w, https:\/\/elg.is\/wp-content\/uploads\/2023\/08\/DJI_0878-768x431.jpg 768w\" sizes=\"(max-width: 1350px) 100vw, 1350px\" \/><\/figure>\n\n\n\n<p><strong><em>\u00deorpi\u00f0 Bakkager\u00f0i og Dyrfj\u00f6llin \u00ed bakgrunni. T\u00e6plega 90 manns hafa fasta b\u00fasetu \u00ed \u00feorpinu.<\/em><\/strong><\/p>\n\n\n\n<figure class=\"wp-block-embed is-type-video is-provider-youtube wp-block-embed-youtube wp-embed-aspect-16-9 wp-has-aspect-ratio\"><div class=\"wp-block-embed__wrapper\">\n<span class=\"embed-youtube\" style=\"text-align:center; display: block;\"><iframe loading=\"lazy\" class=\"youtube-player\" width=\"1140\" height=\"642\" src=\"https:\/\/www.youtube.com\/embed\/TZ08ak-VeIw?version=3&#038;rel=1&#038;showsearch=0&#038;showinfo=1&#038;iv_load_policy=1&#038;fs=1&#038;hl=en-US&#038;autohide=2&#038;wmode=transparent\" allowfullscreen=\"true\" style=\"border:0;\" sandbox=\"allow-scripts allow-same-origin allow-popups allow-presentation allow-popups-to-escape-sandbox\"><\/iframe><\/span>\n<\/div><\/figure>\n\n\n\n<p><\/p>\n","protected":false},"excerpt":{"rendered":"<p>\u00d3v\u00ed\u00f0a m\u00e1 sj\u00e1 jafn st\u00f3rfenglega fjallas\u00fdn og \u00e1 Borgarfir\u00f0i eystri, sem er umkringdur tignarlegum og litr\u00edkum l\u00edpar\u00edtfj\u00f6llum, sem l\u00e1ta engan \u00f3snortinn af \u00feeirri miklu n\u00e1tt\u00farufegur\u00f0 sem \u00fear blasir vi\u00f0. \u00deegar horft er \u00e1 \u00feessi fj\u00f6ll \u00far lofti m\u00e1 sj\u00e1 hversu &hellip; <a href=\"https:\/\/elg.is\/?p=4206\">Continued<\/a><\/p>\n","protected":false},"author":2,"featured_media":4208,"comment_status":"closed","ping_status":"closed","sticky":false,"template":"","format":"standard","meta":{"kt_blocks_editor_width":"","jetpack_post_was_ever_published":false,"_jetpack_newsletter_access":"","_jetpack_dont_email_post_to_subs":false,"_jetpack_newsletter_tier_id":0,"_jetpack_memberships_contains_paywalled_content":false,"_jetpack_memberships_contains_paid_content":false,"footnotes":"","jetpack_publicize_message":"","jetpack_publicize_feature_enabled":true,"jetpack_social_post_already_shared":true,"jetpack_social_options":{"image_generator_settings":{"template":"highway","enabled":false},"version":2}},"categories":[219],"tags":[241,186,295,300,182,298,297,123,50,274,299,296,301],"jetpack_publicize_connections":[],"jetpack_featured_media_url":"https:\/\/elg.is\/wp-content\/uploads\/2023\/08\/DJI_0816.jpg","jetpack_sharing_enabled":true,"jetpack_shortlink":"https:\/\/wp.me\/p9GOIz-15Q","jetpack_likes_enabled":true,"_links":{"self":[{"href":"https:\/\/elg.is\/index.php?rest_route=\/wp\/v2\/posts\/4206"}],"collection":[{"href":"https:\/\/elg.is\/index.php?rest_route=\/wp\/v2\/posts"}],"about":[{"href":"https:\/\/elg.is\/index.php?rest_route=\/wp\/v2\/types\/post"}],"author":[{"embeddable":true,"href":"https:\/\/elg.is\/index.php?rest_route=\/wp\/v2\/users\/2"}],"replies":[{"embeddable":true,"href":"https:\/\/elg.is\/index.php?rest_route=%2Fwp%2Fv2%2Fcomments&post=4206"}],"version-history":[{"count":10,"href":"https:\/\/elg.is\/index.php?rest_route=\/wp\/v2\/posts\/4206\/revisions"}],"predecessor-version":[{"id":4224,"href":"https:\/\/elg.is\/index.php?rest_route=\/wp\/v2\/posts\/4206\/revisions\/4224"}],"wp:featuredmedia":[{"embeddable":true,"href":"https:\/\/elg.is\/index.php?rest_route=\/wp\/v2\/media\/4208"}],"wp:attachment":[{"href":"https:\/\/elg.is\/index.php?rest_route=%2Fwp%2Fv2%2Fmedia&parent=4206"}],"wp:term":[{"taxonomy":"category","embeddable":true,"href":"https:\/\/elg.is\/index.php?rest_route=%2Fwp%2Fv2%2Fcategories&post=4206"},{"taxonomy":"post_tag","embeddable":true,"href":"https:\/\/elg.is\/index.php?rest_route=%2Fwp%2Fv2%2Ftags&post=4206"}],"curies":[{"name":"wp","href":"https:\/\/api.w.org\/{rel}","templated":true}]}}